{"id":853,"date":"2015-04-15T21:34:04","date_gmt":"2015-04-15T21:34:04","guid":{"rendered":"http:\/\/urad.ricany.cz\/farnost\/?p=853"},"modified":"2015-04-15T21:39:29","modified_gmt":"2015-04-15T21:39:29","slug":"odemykani-garazi-2015-a-moto-mse-svata-s-pozehnanim-strojum-prevzato-z-motorkari-cz","status":"publish","type":"post","link":"http:\/\/urad.ricany.cz\/farnost\/odemykani-garazi-2015-a-moto-mse-svata-s-pozehnanim-strojum-prevzato-z-motorkari-cz\/","title":{"rendered":"Odemyk\u00e1n\u00ed gar\u00e1\u017e\u00ed 2015 a moto m\u0161e svat\u00e1 s po\u017eehn\u00e1n\u00edm stroj\u016fm (p\u0159evzato z motorkari.cz)"},"content":{"rendered":"<p><a href=\"http:\/\/www.motorkari.cz\/\" target=\"_blank\"><img decoding=\"async\" loading=\"lazy\" class=\" size-full wp-image-854 alignright\" src=\"http:\/\/urad.ricany.cz\/farnost.new\/wp-content\/uploads\/2015\/04\/top5plus.jpg\" alt=\"top5plus\" width=\"200\" height=\"277\" \/><\/a>V\u00e1\u017een\u00ed motop\u0159\u00e1tel\u00e9 z bl\u00edzk\u00e9ho i \u0161irok\u00e9ho okol\u00ed,<\/p>\n<p>kone\u010dn\u011b je tu zase jaro a s n\u00edm ud\u00e1lost, kterou m\u00e1m osobn\u011b ka\u017ed\u00fd rok nejrad\u0161i &#8211; Odemyk\u00e1n\u00ed gar\u00e1\u017e\u00ed a bohoslu\u017eba pro motork\u00e1\u0159e s po\u017eehn\u00e1n\u00edm motorek pod z\u00e1\u0161titou biker clubu TOP 5 Plus, kter\u00e9 se letos kon\u00e1 18. dubna.<\/p>\n<p>Po lo\u0148sk\u00e9m velmi vyda\u0159en\u00e9m ro\u010dn\u00edku, kter\u00fd prob\u011bhl ve spolupr\u00e1ci s M\u011bstem \u0158\u00ed\u010dany a z\u00e1stupci \u0159\u00ed\u010dansk\u00e9 \u0159\u00edmsko-katolick\u00e9 farnosti, jsme se rozhodli na tuto velmi dobrou spolupr\u00e1ci nav\u00e1zat a akce tedy prob\u011bhne op\u011bt v \u0158\u00ed\u010danech.<\/p>\n<p><a href=\"http:\/\/www.ricany.cz\/fotograf\/galerie\/2014_04_26_motorky\/index.html\" target=\"_blank\">lo\u0148sk\u00e1 fotogalerie zde<\/a><a href=\"http:\/\/urad.ricany.cz\/farnost.new\/wp-content\/uploads\/2015\/04\/2014_04_26_5486.jpg\"><img decoding=\"async\" loading=\"lazy\" class=\"  wp-image-859 aligncenter\" src=\"http:\/\/urad.ricany.cz\/farnost.new\/wp-content\/uploads\/2015\/04\/2014_04_26_5486.jpg\" alt=\"www.flachs.cz\" width=\"271\" height=\"181\" srcset=\"http:\/\/urad.ricany.cz\/farnost\/wp-content\/uploads\/2015\/04\/2014_04_26_5486.jpg 850w, http:\/\/urad.ricany.cz\/farnost\/wp-content\/uploads\/2015\/04\/2014_04_26_5486-300x200.jpg 300w\" sizes=\"(max-width: 271px) 100vw, 271px\" \/><\/a><\/p>\n<p>Organiza\u010dn\u00ed pokyny: Sraz v\u0161ech \u00fa\u010dastn\u00edk\u016f na motork\u00e1ch bude op\u011bt na \u0159\u00ed\u010dansk\u00e9m Masarykov\u011b n\u00e1m\u011bst\u00ed (viz GPS), kter\u00e9 bude p\u0159ipraveno pro p\u0159\u00edjezd motorek po 14. hodin\u011b.<!--more-->\u010cas si pros\u00edm napl\u00e1nujte tak, abyste byli na m\u00edst\u011b pokud mo\u017eno do 14:45 a stihli jsme se v\u0161ichni pohodln\u011b p\u0159esunout a usadit v kostele sv. Petra a Pavla, kde bude pro n\u00e1s od 15:00 odslou\u017eena bohoslu\u017eba.<\/p>\n<p>Letos bude slou\u017eit P. Jakub Karel Berka O.Praem.<\/p>\n<p>Po jej\u00edm skon\u010den\u00ed se p\u0159esuneme ven k motork\u00e1m, kde prob\u011bhne po\u017eehn\u00e1n\u00ed. N\u00e1sledn\u011b spole\u010dn\u011b odjedeme na kr\u00e1tkou spanilou j\u00edzdu do Jevan, kde m\u00e1me rezervaci pro celou skupinu v hosp\u016fdce na n\u00e1m\u011bst\u00ed, kde ofici\u00e1ln\u00ed \u010d\u00e1st akce kon\u010d\u00ed.<\/p>\n<p>Jeliko\u017e p\u0159edpokl\u00e1d\u00e1me velkou \u00fa\u010dast nejen motork\u00e1\u0159\u016f, ale i ve\u0159ejnosti, kter\u00e1 se ur\u010dit\u011b p\u0159ijde pod\u00edvat a obdivovat, prob\u011bhne cel\u00e1 akce ve spolupr\u00e1ci s MP \u0158\u00ed\u010dany. Provoz na n\u00e1m\u011bst\u00ed bude z d\u016fvodu zaji\u0161t\u011bn\u00ed bezpe\u010dnosti v\u0161ech \u00fa\u010dastn\u00edk\u016f i n\u00e1v\u0161t\u011bvn\u00edk\u016f regulov\u00e1n a \u017e\u00e1d\u00e1m t\u00edmto v\u0161echny o respektov\u00e1n\u00ed pravidel bezpe\u010dnosti silni\u010dn\u00edho provozu a pokyn\u016f organiz\u00e1zor\u016f, p\u0159edev\u0161\u00edm co se t\u00fd\u010de p\u0159\u00edjezdu a odjezdu a vyhrazen\u00e9ho prostoru pro parkov\u00e1n\u00ed motorek.<\/p>\n<p>T\u011b\u0161\u00edme se na na hezk\u00e9 po\u010das\u00ed, na dobrou n\u00e1ladu, na \u0161irokou \u00fa\u010dast a na V\u00e1s \ud83d\ude42<\/p>\n<p>Za biker club TOP 5 Plus<br \/>\nDave El Presidente George El Professore<\/p>\n<p>V\u00edce na: <a href=\"http:\/\/www.motorkari.cz\/motoakce\/akce\/?aid=8588\">http:\/\/www.motorkari.cz\/motoakce\/akce\/?aid=8588<\/a><br \/>\nCopyright \u00a9 Motorkari.cz<\/p>\n","protected":false},"excerpt":{"rendered":"<p>V\u00e1\u017een\u00ed motop\u0159\u00e1tel\u00e9 z bl\u00edzk\u00e9ho i \u0161irok\u00e9ho okol\u00ed, kone\u010dn\u011b je tu zase jaro a s n\u00edm ud\u00e1lost, kterou m\u00e1m osobn\u011b ka\u017ed\u00fd rok nejrad\u0161i &#8211; Odemyk\u00e1n\u00ed gar\u00e1\u017e\u00ed a bohoslu\u017eba pro motork\u00e1\u0159e s po\u017eehn\u00e1n\u00edm motorek pod z\u00e1\u0161titou biker clubu TOP 5 Plus, kter\u00e9 se letos kon\u00e1 18. dubna. Po lo\u0148sk\u00e9m velmi vyda\u0159en\u00e9m ro\u010dn\u00edku, \u2026<\/p>\n<p class=\"continue-reading-button\"> <a class=\"continue-reading-link\" href=\"http:\/\/urad.ricany.cz\/farnost\/odemykani-garazi-2015-a-moto-mse-svata-s-pozehnanim-strojum-prevzato-z-motorkari-cz\/\">\u010d\u00edst v\u00edce<i class=\"crycon-right-dir\"><\/i><\/a><\/p>\n","protected":false},"author":2,"featured_media":0,"comment_status":"closed","ping_status":"closed","sticky":false,"template":"","format":"standard","meta":{"footnotes":""},"categories":[8],"tags":[36],"_links":{"self":[{"href":"http:\/\/urad.ricany.cz\/farnost\/wp-json\/wp\/v2\/posts\/853"}],"collection":[{"href":"http:\/\/urad.ricany.cz\/farnost\/wp-json\/wp\/v2\/posts"}],"about":[{"href":"http:\/\/urad.ricany.cz\/farnost\/wp-json\/wp\/v2\/types\/post"}],"author":[{"embeddable":true,"href":"http:\/\/urad.ricany.cz\/farnost\/wp-json\/wp\/v2\/users\/2"}],"replies":[{"embeddable":true,"href":"http:\/\/urad.ricany.cz\/farnost\/wp-json\/wp\/v2\/comments?post=853"}],"version-history":[{"count":5,"href":"http:\/\/urad.ricany.cz\/farnost\/wp-json\/wp\/v2\/posts\/853\/revisions"}],"predecessor-version":[{"id":860,"href":"http:\/\/urad.ricany.cz\/farnost\/wp-json\/wp\/v2\/posts\/853\/revisions\/860"}],"wp:attachment":[{"href":"http:\/\/urad.ricany.cz\/farnost\/wp-json\/wp\/v2\/media?parent=853"}],"wp:term":[{"taxonomy":"category","embeddable":true,"href":"http:\/\/urad.ricany.cz\/farnost\/wp-json\/wp\/v2\/categories?post=853"},{"taxonomy":"post_tag","embeddable":true,"href":"http:\/\/urad.ricany.cz\/farnost\/wp-json\/wp\/v2\/tags?post=853"}],"curies":[{"name":"wp","href":"https:\/\/api.w.org\/{rel}","templated":true}]}}