{"id":685,"date":"2015-01-19T22:01:31","date_gmt":"2015-01-19T22:01:31","guid":{"rendered":"http:\/\/urad.ricany.cz\/farnost\/?p=685"},"modified":"2015-01-19T22:08:28","modified_gmt":"2015-01-19T22:08:28","slug":"zimni-duchovni-obnova-vrsovice","status":"publish","type":"post","link":"http:\/\/urad.ricany.cz\/farnost\/zimni-duchovni-obnova-vrsovice\/","title":{"rendered":"Zimn\u00ed Duchovn\u00ed obnova &#8211; Vr\u0161ovice"},"content":{"rendered":"<p><a href=\"http:\/\/urad.ricany.cz\/farnost.new\/wp-content\/uploads\/2015\/01\/zdo_2015.jpg\"><img decoding=\"async\" loading=\"lazy\" class=\"aligncenter  wp-image-689\" src=\"http:\/\/urad.ricany.cz\/farnost.new\/wp-content\/uploads\/2015\/01\/zdo_2015.jpg\" alt=\"zdo_2015\" width=\"237\" height=\"412\" \/><\/a><a href=\"http:\/\/urad.ricany.cz\/farnost.new\/wp-content\/uploads\/2015\/01\/Zimni-duchovni-obnova_plakat-1.pdf\" target=\"_blank\"><img decoding=\"async\" loading=\"lazy\" class=\"alignnone wp-image-521 \" src=\"http:\/\/urad.ricany.cz\/farnost.new\/wp-content\/uploads\/2014\/10\/pdf_ikona_60x60.jpg\" alt=\"pdf_ikona_60x60\" width=\"61\" height=\"61\" \/><\/a><a href=\"http:\/\/urad.ricany.cz\/farnost.new\/wp-content\/uploads\/2015\/01\/Zimni-duchovni-obnova_plakat-1.pdf\" target=\"_blank\">Zimni duchovni obnova_plakat<\/a>\u00a0 \u00a0 \u00a0 \u00a0<a href=\"http:\/\/urad.ricany.cz\/farnost.new\/wp-content\/uploads\/2015\/01\/Zimn\u00ed-obnova_let\u00e1k-roz\u0161\u00ed\u0159en\u00fd.doc\" target=\"_blank\"><img decoding=\"async\" loading=\"lazy\" class=\" wp-image-691  alignnone\" src=\"http:\/\/urad.ricany.cz\/farnost.new\/wp-content\/uploads\/2015\/01\/word_2007_icon.jpg\" alt=\"\" width=\"61\" height=\"60\" srcset=\"http:\/\/urad.ricany.cz\/farnost\/wp-content\/uploads\/2015\/01\/word_2007_icon.jpg 248w, http:\/\/urad.ricany.cz\/farnost\/wp-content\/uploads\/2015\/01\/word_2007_icon-150x150.jpg 150w, http:\/\/urad.ricany.cz\/farnost\/wp-content\/uploads\/2015\/01\/word_2007_icon-190x188.jpg 190w, http:\/\/urad.ricany.cz\/farnost\/wp-content\/uploads\/2015\/01\/word_2007_icon-60x59.jpg 60w\" sizes=\"(max-width: 61px) 100vw, 61px\" \/><\/a><a href=\"http:\/\/urad.ricany.cz\/farnost.new\/wp-content\/uploads\/2015\/01\/Zimn\u00ed-obnova_let\u00e1k-roz\u0161\u00ed\u0159en\u00fd.doc\" target=\"_blank\">Zimn\u00ed obnova_let\u00e1k roz\u0161\u00ed\u0159en\u00fd<\/a><\/p>\n<p>vice na: <a href=\"http:\/\/www.farnostvrsovice.cz\/\" target=\"_blank\">www.FARNOSTVRSOVICE.cz<\/a><\/p>\n","protected":false},"excerpt":{"rendered":"<p>Zimni duchovni obnova_plakat\u00a0 \u00a0 \u00a0 \u00a0Zimn\u00ed obnova_let\u00e1k roz\u0161\u00ed\u0159en\u00fd vice na: www.FARNOSTVRSOVICE.cz<\/p>\n<p class=\"continue-reading-button\"> <a class=\"continue-reading-link\" href=\"http:\/\/urad.ricany.cz\/farnost\/zimni-duchovni-obnova-vrsovice\/\">\u010d\u00edst v\u00edce<i class=\"crycon-right-dir\"><\/i><\/a><\/p>\n","protected":false},"author":2,"featured_media":0,"comment_status":"closed","ping_status":"closed","sticky":false,"template":"","format":"standard","meta":{"footnotes":""},"categories":[8],"tags":[32,36],"_links":{"self":[{"href":"http:\/\/urad.ricany.cz\/farnost\/wp-json\/wp\/v2\/posts\/685"}],"collection":[{"href":"http:\/\/urad.ricany.cz\/farnost\/wp-json\/wp\/v2\/posts"}],"about":[{"href":"http:\/\/urad.ricany.cz\/farnost\/wp-json\/wp\/v2\/types\/post"}],"author":[{"embeddable":true,"href":"http:\/\/urad.ricany.cz\/farnost\/wp-json\/wp\/v2\/users\/2"}],"replies":[{"embeddable":true,"href":"http:\/\/urad.ricany.cz\/farnost\/wp-json\/wp\/v2\/comments?post=685"}],"version-history":[{"count":7,"href":"http:\/\/urad.ricany.cz\/farnost\/wp-json\/wp\/v2\/posts\/685\/revisions"}],"predecessor-version":[{"id":696,"href":"http:\/\/urad.ricany.cz\/farnost\/wp-json\/wp\/v2\/posts\/685\/revisions\/696"}],"wp:attachment":[{"href":"http:\/\/urad.ricany.cz\/farnost\/wp-json\/wp\/v2\/media?parent=685"}],"wp:term":[{"taxonomy":"category","embeddable":true,"href":"http:\/\/urad.ricany.cz\/farnost\/wp-json\/wp\/v2\/categories?post=685"},{"taxonomy":"post_tag","embeddable":true,"href":"http:\/\/urad.ricany.cz\/farnost\/wp-json\/wp\/v2\/tags?post=685"}],"curies":[{"name":"wp","href":"https:\/\/api.w.org\/{rel}","templated":true}]}}