{"id":608,"date":"2014-12-02T11:42:23","date_gmt":"2014-12-02T11:42:23","guid":{"rendered":"http:\/\/urad.ricany.cz\/farnost\/?p=608"},"modified":"2014-12-02T11:42:52","modified_gmt":"2014-12-02T11:42:52","slug":"evropske-setkani-mladeze-v-praze","status":"publish","type":"post","link":"http:\/\/urad.ricany.cz\/farnost\/evropske-setkani-mladeze-v-praze\/","title":{"rendered":"Evropsk\u00e9 setk\u00e1n\u00ed ml\u00e1de\u017ee v Praze"},"content":{"rendered":"<p><strong>Pozv\u00e1n\u00ed arcibiskupa pra\u017esk\u00e9ho a p\u0159edsedy \u010cesk\u00e9 biskupsk\u00e9 konference<br \/>\n<\/strong><strong>na evropsk\u00e9 setk\u00e1n\u00ed ml\u00e1de\u017ee v Praze<\/strong><\/p>\n<p><em>(p\u0159e\u010dt\u011bte v z\u00e1v\u011bru bohoslu\u017eeb 2. ned\u011ble adventn\u00ed\u00a0 7. prosince 2014)<\/em><\/p>\n<p>Ve dnech od 29. prosince 2014 do 2. ledna 2015 p\u0159iv\u00edt\u00e1me v\u00a0Praze jako mil\u00e9 hosty tis\u00edce mlad\u00fdch lid\u00ed z\u00a0v\u00fdchodu i z\u00e1padu, ze severu i jihu na\u0161eho kontinentu. P\u0159ijedou k n\u00e1m jako poutn\u00edci d\u016fv\u011bry a\u00a0sm\u00ed\u0159en\u00ed, aby se z\u00fa\u010dastnili 37. evropsk\u00e9ho setk\u00e1n\u00ed mlad\u00fdch, kter\u00e9 organizuje komunita Taiz\u00e9. Jsem r\u00e1d, \u017ee se p\u0159\u00edpravy setk\u00e1n\u00ed \u00fa\u010dastn\u00ed v\u0161echny c\u00edrkve a k\u0159es\u0165ansk\u00e1 spole\u010denstv\u00ed v Praze a okol\u00ed.<br \/>\n<!--more--><\/p>\n<p>B\u011bhem evropsk\u00e9ho setk\u00e1n\u00ed se budeme spole\u010dn\u011b modlit za pokoj v lidsk\u00fdch srdc\u00edch i m\u00edr na cel\u00e9m sv\u011bt\u011b. Byl bych opravdu r\u00e1d, aby v t\u011bchto dnech mezi mlad\u00fdmi Evropany prob\u011bhla skute\u010dn\u00e1 v\u00fdm\u011bna \u201educhovn\u00edch dar\u016f\u201c. V\u00edme, jak velmi dnes pot\u0159ebuj\u00ed duchovn\u00ed obrodu jak ti, kte\u0159\u00ed \u017eij\u00ed na z\u00e1pad\u011b, tak i lid\u00e9 z\u00a0v\u00fdchodu na\u0161eho sv\u011btad\u00edlu.<\/p>\n<p>&nbsp;<\/p>\n<p>Mnoz\u00ed mlad\u00ed v Praze se u\u017e \u00fa\u010dastn\u00ed p\u0159\u00edprav na p\u0159ijet\u00ed sv\u00fdch vrstevn\u00edk\u016f a za to jim up\u0159\u00edmn\u011b d\u011bkuji. <strong>Cht\u011bl bych pozvat tak\u00e9 dal\u0161\u00ed mlad\u00e9 z \u010cesk\u00e9 republiky<\/strong>, aby se p\u0159idali a spole\u010dn\u011b se stali hostiteli mlad\u00fdch k\u0159es\u0165an\u016f z cel\u00e9 Evropy. Toto setk\u00e1n\u00ed m\u016f\u017ee b\u00fdt pro v\u00e1s v\u00fdzvou i \u0161anc\u00ed. Pohostinnost v\u017edy charakterizovala na\u0161i zemi. Zako\u0159enila a upevnila se d\u00edky evangeliu, kter\u00e9 p\u0159ijali na\u0161i p\u0159edkov\u00e9 p\u0159ed v\u00edce ne\u017e tis\u00edci lety. Dosv\u011bd\u010duje to star\u00e9 \u010desk\u00e9 p\u0159\u00edslov\u00ed: \u201e<em>Host do domu, B\u016fh do domu\u201c.<\/em><\/p>\n<p>&nbsp;<\/p>\n<p>A\u0165 n\u00e1m v\u0161em toto evropsk\u00e9 setk\u00e1n\u00ed mlad\u00fdch p\u0159ipomene na\u0161i tradi\u010dn\u00ed pohostinnost a plodem jej\u00edho pro\u017e\u00edv\u00e1n\u00ed a\u0165 je pokoj a d\u016fv\u011bra v na\u0161ich rodin\u00e1ch a v na\u0161em okol\u00ed.<\/p>\n<p>kardin\u00e1l Dominik Duka OP<br \/>\narcibiskup pra\u017esk\u00fd<br \/>\np\u0159edseda \u010cesk\u00e9 biskupsk\u00e9 konference<\/p>\n","protected":false},"excerpt":{"rendered":"<p>Pozv\u00e1n\u00ed arcibiskupa pra\u017esk\u00e9ho a p\u0159edsedy \u010cesk\u00e9 biskupsk\u00e9 konference na evropsk\u00e9 setk\u00e1n\u00ed ml\u00e1de\u017ee v Praze (p\u0159e\u010dt\u011bte v z\u00e1v\u011bru bohoslu\u017eeb 2. ned\u011ble adventn\u00ed\u00a0 7. prosince 2014) Ve dnech od 29. prosince 2014 do 2. ledna 2015 p\u0159iv\u00edt\u00e1me v\u00a0Praze jako mil\u00e9 hosty tis\u00edce mlad\u00fdch lid\u00ed z\u00a0v\u00fdchodu i z\u00e1padu, ze severu i jihu na\u0161eho \u2026<\/p>\n<p class=\"continue-reading-button\"> <a class=\"continue-reading-link\" href=\"http:\/\/urad.ricany.cz\/farnost\/evropske-setkani-mladeze-v-praze\/\">\u010d\u00edst v\u00edce<i class=\"crycon-right-dir\"><\/i><\/a><\/p>\n","protected":false},"author":2,"featured_media":0,"comment_status":"closed","ping_status":"closed","sticky":false,"template":"","format":"standard","meta":{"footnotes":""},"categories":[8],"tags":[36],"_links":{"self":[{"href":"http:\/\/urad.ricany.cz\/farnost\/wp-json\/wp\/v2\/posts\/608"}],"collection":[{"href":"http:\/\/urad.ricany.cz\/farnost\/wp-json\/wp\/v2\/posts"}],"about":[{"href":"http:\/\/urad.ricany.cz\/farnost\/wp-json\/wp\/v2\/types\/post"}],"author":[{"embeddable":true,"href":"http:\/\/urad.ricany.cz\/farnost\/wp-json\/wp\/v2\/users\/2"}],"replies":[{"embeddable":true,"href":"http:\/\/urad.ricany.cz\/farnost\/wp-json\/wp\/v2\/comments?post=608"}],"version-history":[{"count":2,"href":"http:\/\/urad.ricany.cz\/farnost\/wp-json\/wp\/v2\/posts\/608\/revisions"}],"predecessor-version":[{"id":610,"href":"http:\/\/urad.ricany.cz\/farnost\/wp-json\/wp\/v2\/posts\/608\/revisions\/610"}],"wp:attachment":[{"href":"http:\/\/urad.ricany.cz\/farnost\/wp-json\/wp\/v2\/media?parent=608"}],"wp:term":[{"taxonomy":"category","embeddable":true,"href":"http:\/\/urad.ricany.cz\/farnost\/wp-json\/wp\/v2\/categories?post=608"},{"taxonomy":"post_tag","embeddable":true,"href":"http:\/\/urad.ricany.cz\/farnost\/wp-json\/wp\/v2\/tags?post=608"}],"curies":[{"name":"wp","href":"https:\/\/api.w.org\/{rel}","templated":true}]}}