{"id":4246,"date":"2023-10-27T09:33:40","date_gmt":"2023-10-27T09:33:40","guid":{"rendered":"http:\/\/urad.ricany.cz\/farnost\/?p=4246"},"modified":"2023-10-27T09:33:41","modified_gmt":"2023-10-27T09:33:41","slug":"smutna-zprava-z-karlina","status":"publish","type":"post","link":"http:\/\/urad.ricany.cz\/farnost\/smutna-zprava-z-karlina\/","title":{"rendered":"Smutn\u00e1 zpr\u00e1va z Karl\u00edna."},"content":{"rendered":"\n<p>V p\u00e1tek 27. \u0159\u00edjna 2023 v rann\u00edch hodin\u00e1ch ode\u0161el do Bo\u017e\u00edho n\u00e1ru\u010d\u00ed P. Miroslav C\u00fath, kter\u00fd<br>v na\u0161\u00ed farnosti dlouh\u00e1 l\u00e9ta p\u016fsobil a svoj\u00ed slu\u017ebou p\u0159in\u00e1\u0161el do na\u0161ich srdc\u00ed i rodin Krista.<br>S vd\u011b\u010dnost\u00ed ho sv\u011b\u0159ujeme do p\u0159\u00edmluvy Panny Marie.<\/p>\n\n\n\n<p>S otcem Miroslavem se rozlou\u010d\u00edme v \u00fater\u00fd 7. listopadu v 11 hodin, pot\u00e9 bude jeho t\u011blo ulo\u017eeno do hrobu v Praze \u2013 Vino\u0159i.<\/p>\n\n\n\n<p>z farnosti sv. Cyrila a Metod\u011bje<\/p>\n\n\n\n<figure class=\"wp-block-image size-large\"><a href=\"http:\/\/urad.ricany.cz\/farnost\/wp-content\/uploads\/2023\/10\/Pater-Miroslav-Cuth-1.jpg\"><img decoding=\"async\" loading=\"lazy\" width=\"684\" height=\"1024\" src=\"http:\/\/urad.ricany.cz\/farnost\/wp-content\/uploads\/2023\/10\/Pater-Miroslav-Cuth-1-684x1024.jpg\" alt=\"\" class=\"wp-image-4248\" srcset=\"http:\/\/urad.ricany.cz\/farnost\/wp-content\/uploads\/2023\/10\/Pater-Miroslav-Cuth-1-684x1024.jpg 684w, http:\/\/urad.ricany.cz\/farnost\/wp-content\/uploads\/2023\/10\/Pater-Miroslav-Cuth-1-200x300.jpg 200w, http:\/\/urad.ricany.cz\/farnost\/wp-content\/uploads\/2023\/10\/Pater-Miroslav-Cuth-1-768x1150.jpg 768w, http:\/\/urad.ricany.cz\/farnost\/wp-content\/uploads\/2023\/10\/Pater-Miroslav-Cuth-1-1026x1536.jpg 1026w, http:\/\/urad.ricany.cz\/farnost\/wp-content\/uploads\/2023\/10\/Pater-Miroslav-Cuth-1-1368x2048.jpg 1368w, http:\/\/urad.ricany.cz\/farnost\/wp-content\/uploads\/2023\/10\/Pater-Miroslav-Cuth-1-100x150.jpg 100w, http:\/\/urad.ricany.cz\/farnost\/wp-content\/uploads\/2023\/10\/Pater-Miroslav-Cuth-1.jpg 1665w\" sizes=\"(max-width: 684px) 100vw, 684px\" \/><\/a><\/figure>\n","protected":false},"excerpt":{"rendered":"<p>V p\u00e1tek 27. \u0159\u00edjna 2023 v rann\u00edch hodin\u00e1ch ode\u0161el do Bo\u017e\u00edho n\u00e1ru\u010d\u00ed P. Miroslav C\u00fath, kter\u00fdv na\u0161\u00ed farnosti dlouh\u00e1 l\u00e9ta p\u016fsobil a svoj\u00ed slu\u017ebou p\u0159in\u00e1\u0161el do na\u0161ich srdc\u00ed i rodin Krista.S vd\u011b\u010dnost\u00ed ho sv\u011b\u0159ujeme do p\u0159\u00edmluvy Panny Marie. S otcem Miroslavem se rozlou\u010d\u00edme v \u00fater\u00fd 7. listopadu v 11 hodin, \u2026<\/p>\n<p class=\"continue-reading-button\"> <a class=\"continue-reading-link\" href=\"http:\/\/urad.ricany.cz\/farnost\/smutna-zprava-z-karlina\/\">\u010d\u00edst v\u00edce<i class=\"crycon-right-dir\"><\/i><\/a><\/p>\n","protected":false},"author":2,"featured_media":0,"comment_status":"closed","ping_status":"closed","sticky":false,"template":"","format":"standard","meta":{"footnotes":""},"categories":[10],"tags":[32],"_links":{"self":[{"href":"http:\/\/urad.ricany.cz\/farnost\/wp-json\/wp\/v2\/posts\/4246"}],"collection":[{"href":"http:\/\/urad.ricany.cz\/farnost\/wp-json\/wp\/v2\/posts"}],"about":[{"href":"http:\/\/urad.ricany.cz\/farnost\/wp-json\/wp\/v2\/types\/post"}],"author":[{"embeddable":true,"href":"http:\/\/urad.ricany.cz\/farnost\/wp-json\/wp\/v2\/users\/2"}],"replies":[{"embeddable":true,"href":"http:\/\/urad.ricany.cz\/farnost\/wp-json\/wp\/v2\/comments?post=4246"}],"version-history":[{"count":1,"href":"http:\/\/urad.ricany.cz\/farnost\/wp-json\/wp\/v2\/posts\/4246\/revisions"}],"predecessor-version":[{"id":4249,"href":"http:\/\/urad.ricany.cz\/farnost\/wp-json\/wp\/v2\/posts\/4246\/revisions\/4249"}],"wp:attachment":[{"href":"http:\/\/urad.ricany.cz\/farnost\/wp-json\/wp\/v2\/media?parent=4246"}],"wp:term":[{"taxonomy":"category","embeddable":true,"href":"http:\/\/urad.ricany.cz\/farnost\/wp-json\/wp\/v2\/categories?post=4246"},{"taxonomy":"post_tag","embeddable":true,"href":"http:\/\/urad.ricany.cz\/farnost\/wp-json\/wp\/v2\/tags?post=4246"}],"curies":[{"name":"wp","href":"https:\/\/api.w.org\/{rel}","templated":true}]}}