{"id":3224,"date":"2021-02-14T19:02:23","date_gmt":"2021-02-14T19:02:23","guid":{"rendered":"http:\/\/urad.ricany.cz\/farnost\/?p=3224"},"modified":"2021-02-14T19:02:44","modified_gmt":"2021-02-14T19:02:44","slug":"oohlasky-6-tyden-liturgickeho-mezidobi","status":"publish","type":"post","link":"http:\/\/urad.ricany.cz\/farnost\/oohlasky-6-tyden-liturgickeho-mezidobi\/","title":{"rendered":"Ohl\u00e1\u0161ky &#8211; 6. t\u00fdden liturgick\u00e9ho mezidob\u00ed"},"content":{"rendered":"\n<div class=\"wp-block-file\"><a href=\"http:\/\/urad.ricany.cz\/farnost.new\/wp-content\/uploads\/2021\/02\/2021_lm_06.pdf\">Tiskov\u00e1 verze PDF<\/a><a href=\"http:\/\/urad.ricany.cz\/farnost.new\/wp-content\/uploads\/2021\/02\/2021_lm_06.pdf\" class=\"wp-block-file__button\" download>St\u00e1hnout<\/a><\/div>\n","protected":false},"excerpt":{"rendered":"<p class=\"continue-reading-button\"> <a class=\"continue-reading-link\" href=\"http:\/\/urad.ricany.cz\/farnost\/oohlasky-6-tyden-liturgickeho-mezidobi\/\">\u010d\u00edst v\u00edce<i class=\"crycon-right-dir\"><\/i><\/a><\/p>\n","protected":false},"author":2,"featured_media":0,"comment_status":"closed","ping_status":"closed","sticky":false,"template":"","format":"standard","meta":{"footnotes":""},"categories":[1],"tags":[35],"_links":{"self":[{"href":"http:\/\/urad.ricany.cz\/farnost\/wp-json\/wp\/v2\/posts\/3224"}],"collection":[{"href":"http:\/\/urad.ricany.cz\/farnost\/wp-json\/wp\/v2\/posts"}],"about":[{"href":"http:\/\/urad.ricany.cz\/farnost\/wp-json\/wp\/v2\/types\/post"}],"author":[{"embeddable":true,"href":"http:\/\/urad.ricany.cz\/farnost\/wp-json\/wp\/v2\/users\/2"}],"replies":[{"embeddable":true,"href":"http:\/\/urad.ricany.cz\/farnost\/wp-json\/wp\/v2\/comments?post=3224"}],"version-history":[{"count":2,"href":"http:\/\/urad.ricany.cz\/farnost\/wp-json\/wp\/v2\/posts\/3224\/revisions"}],"predecessor-version":[{"id":3227,"href":"http:\/\/urad.ricany.cz\/farnost\/wp-json\/wp\/v2\/posts\/3224\/revisions\/3227"}],"wp:attachment":[{"href":"http:\/\/urad.ricany.cz\/farnost\/wp-json\/wp\/v2\/media?parent=3224"}],"wp:term":[{"taxonomy":"category","embeddable":true,"href":"http:\/\/urad.ricany.cz\/farnost\/wp-json\/wp\/v2\/categories?post=3224"},{"taxonomy":"post_tag","embeddable":true,"href":"http:\/\/urad.ricany.cz\/farnost\/wp-json\/wp\/v2\/tags?post=3224"}],"curies":[{"name":"wp","href":"https:\/\/api.w.org\/{rel}","templated":true}]}}