{"id":3140,"date":"2020-11-20T11:41:13","date_gmt":"2020-11-20T11:41:13","guid":{"rendered":"http:\/\/urad.ricany.cz\/farnost\/?p=3140"},"modified":"2020-11-20T11:41:15","modified_gmt":"2020-11-20T11:41:15","slug":"nabozenstvi-2","status":"publish","type":"post","link":"http:\/\/urad.ricany.cz\/farnost\/nabozenstvi-2\/","title":{"rendered":"N\u00e1bo\u017eenstv\u00ed"},"content":{"rendered":"\n<p>V\u00e1\u017een\u00ed rodi\u010de,<\/p>\n\n\n\n<p>Vzhledem ke zm\u00edr\u0148ov\u00e1n\u00ed opat\u0159en\u00ed a postupn\u00e9mu otev\u00edr\u00e1n\u00ed \u0161kol, za\u010dne tak\u00e9 na fa\u0159e v\u00fduka n\u00e1bo\u017eenstv\u00ed postupn\u011b. Tento t\u00fdden 25.11. za\u010dne n\u00e1bo\u017eenstv\u00ed pro p\u0159ed\u0161koln\u00ed, 1. a 2.t\u0159\u00eddu tj. skupinky ve 14.45 a 15.00 hod.<\/p>\n\n\n\n<p>Katechetka si p\u0159evezme d\u011bti p\u0159ed farou.<\/p>\n\n\n\n<p>Rodi\u010de p\u0159ihl\u00e1\u0161en\u00fdch d\u011bt\u00ed budou informov\u00e1n\u00ed emailem. Dodate\u010dn\u011b je mo\u017en\u00e9 p\u0159ihla\u0161ovat d\u011bti v&nbsp;pr\u016fb\u011bhu prosince. P\u0159ihl\u00e1\u0161ky najdete na farn\u00edch str\u00e1nk\u00e1ch. Vypln\u011bnou p\u0159ihl\u00e1\u0161ku posta\u010d\u00ed hodit do schr\u00e1nky na fa\u0159e.<\/p>\n\n\n\n<p>T\u011b\u0161\u00edme se na Va\u0161e d\u011bti!<\/p>\n\n\n\n<p>V&nbsp;\u0158\u00ed\u010danech&nbsp; 19.11.2020&nbsp;&nbsp;&nbsp;&nbsp;&nbsp;&nbsp;&nbsp;&nbsp;&nbsp;&nbsp;&nbsp;&nbsp;&nbsp;&nbsp;&nbsp;&nbsp;&nbsp;&nbsp;&nbsp;&nbsp;&nbsp;&nbsp;&nbsp;&nbsp;&nbsp;&nbsp;&nbsp;&nbsp;&nbsp;&nbsp;&nbsp;&nbsp;&nbsp;&nbsp;&nbsp;&nbsp;&nbsp;&nbsp;&nbsp;&nbsp;&nbsp;&nbsp;&nbsp;&nbsp;&nbsp;&nbsp;&nbsp;&nbsp;&nbsp;&nbsp;&nbsp;&nbsp;&nbsp;&nbsp;&nbsp;&nbsp;&nbsp;&nbsp;&nbsp;&nbsp;&nbsp;&nbsp;&nbsp;&nbsp;&nbsp;&nbsp;&nbsp;&nbsp;&nbsp;&nbsp;&nbsp;&nbsp;&nbsp;&nbsp;&nbsp;&nbsp;&nbsp;&nbsp;&nbsp;&nbsp; Katechetky Katka a \u0160\u00e1rka<\/p>\n\n\n\n<p>V&nbsp;p\u0159\u00edpad\u011b, &nbsp;\u017ee bude umo\u017en\u011bna v\u00fduka n\u00e1bo\u017eenstv\u00ed na far\u00e1ch- budou platit tato proti koronavirov\u00e1 opat\u0159en\u00ed:<\/p>\n\n\n\n<ul><li>V\u00fduka bude prob\u00edhat na fa\u0159e v&nbsp;mal\u00fdch skupin\u00e1ch<\/li><li>\u010casy za\u010d\u00e1tku jednotliv\u00fdch hodin budou o 15min posunut\u00e9, aby se skupiny nepotk\u00e1valy na chodb\u011b a p\u0159i p\u0159ezouv\u00e1n\u00ed<\/li><li>Po p\u0159\u00edchodu na faru si d\u011bti umyj\u00ed\/vydesinfikuj\u00ed ruce<\/li><li>V\u00fduka bude prob\u00edhat s\/bez rou\u0161ky dle aktu\u00e1ln\u011b platn\u00fdch na\u0159\u00edzen\u00ed<\/li><li>Ka\u017ed\u00e1 skupina m\u00e1 sv\u00e9ho katechetu\/katechetku<\/li><li>Ka\u017ed\u00e1 skupina bude m\u00edt hodinu v&nbsp;jin\u00e9 m\u00edstnosti na fa\u0159e (nebo venku, podle po\u010das\u00ed)<\/li><li>M\u00edstnosti pro v\u00fduku budou \u0159\u00e1dn\u011b v\u011btran\u00e9 p\u0159ed zah\u00e1jen\u00edm i po skon\u010den\u00ed v\u00fduky<\/li><li>Do budovy fary sm\u011bj\u00ed vstoupit jen d\u011bti, rodi\u010de je p\u0159ed\u00e1vaj\u00ed a p\u0159eb\u00edraj\u00ed p\u0159ed farou<\/li><li>V\u00fduky se sm\u00ed z\u00fa\u010dastnit jen d\u00edt\u011b zdrav\u00e9<\/li><\/ul>\n","protected":false},"excerpt":{"rendered":"<p>V\u00e1\u017een\u00ed rodi\u010de, Vzhledem ke zm\u00edr\u0148ov\u00e1n\u00ed opat\u0159en\u00ed a postupn\u00e9mu otev\u00edr\u00e1n\u00ed \u0161kol, za\u010dne tak\u00e9 na fa\u0159e v\u00fduka n\u00e1bo\u017eenstv\u00ed postupn\u011b. Tento t\u00fdden 25.11. za\u010dne n\u00e1bo\u017eenstv\u00ed pro p\u0159ed\u0161koln\u00ed, 1. a 2.t\u0159\u00eddu tj. skupinky ve 14.45 a 15.00 hod. Katechetka si p\u0159evezme d\u011bti p\u0159ed farou. Rodi\u010de p\u0159ihl\u00e1\u0161en\u00fdch d\u011bt\u00ed budou informov\u00e1n\u00ed emailem. Dodate\u010dn\u011b je mo\u017en\u00e9 p\u0159ihla\u0161ovat \u2026<\/p>\n<p class=\"continue-reading-button\"> <a class=\"continue-reading-link\" href=\"http:\/\/urad.ricany.cz\/farnost\/nabozenstvi-2\/\">\u010d\u00edst v\u00edce<i class=\"crycon-right-dir\"><\/i><\/a><\/p>\n","protected":false},"author":2,"featured_media":0,"comment_status":"closed","ping_status":"closed","sticky":false,"template":"","format":"standard","meta":{"footnotes":""},"categories":[44],"tags":[43],"_links":{"self":[{"href":"http:\/\/urad.ricany.cz\/farnost\/wp-json\/wp\/v2\/posts\/3140"}],"collection":[{"href":"http:\/\/urad.ricany.cz\/farnost\/wp-json\/wp\/v2\/posts"}],"about":[{"href":"http:\/\/urad.ricany.cz\/farnost\/wp-json\/wp\/v2\/types\/post"}],"author":[{"embeddable":true,"href":"http:\/\/urad.ricany.cz\/farnost\/wp-json\/wp\/v2\/users\/2"}],"replies":[{"embeddable":true,"href":"http:\/\/urad.ricany.cz\/farnost\/wp-json\/wp\/v2\/comments?post=3140"}],"version-history":[{"count":1,"href":"http:\/\/urad.ricany.cz\/farnost\/wp-json\/wp\/v2\/posts\/3140\/revisions"}],"predecessor-version":[{"id":3141,"href":"http:\/\/urad.ricany.cz\/farnost\/wp-json\/wp\/v2\/posts\/3140\/revisions\/3141"}],"wp:attachment":[{"href":"http:\/\/urad.ricany.cz\/farnost\/wp-json\/wp\/v2\/media?parent=3140"}],"wp:term":[{"taxonomy":"category","embeddable":true,"href":"http:\/\/urad.ricany.cz\/farnost\/wp-json\/wp\/v2\/categories?post=3140"},{"taxonomy":"post_tag","embeddable":true,"href":"http:\/\/urad.ricany.cz\/farnost\/wp-json\/wp\/v2\/tags?post=3140"}],"curies":[{"name":"wp","href":"https:\/\/api.w.org\/{rel}","templated":true}]}}