{"id":3113,"date":"2020-11-04T03:50:51","date_gmt":"2020-11-04T03:50:51","guid":{"rendered":"http:\/\/urad.ricany.cz\/farnost\/?p=3113"},"modified":"2020-11-04T03:54:31","modified_gmt":"2020-11-04T03:54:31","slug":"novena-k-svate-anezce-ceske","status":"publish","type":"post","link":"http:\/\/urad.ricany.cz\/farnost\/novena-k-svate-anezce-ceske\/","title":{"rendered":"Nov\u00e9na k svat\u00e9 Ane\u017ece \u010cesk\u00e9"},"content":{"rendered":"\n<p>V\u00e1\u017een\u00ed a mil\u00ed,<\/p>\n\n\n\n<p>na p\u0159\u00ed\u0161t\u00ed p\u00e1tek 13. listopadu p\u0159ipad\u00e1&nbsp;<strong>pam\u00e1tka sv. Ane\u017eky \u010cesk\u00e9<\/strong>. Tato velk\u00e1 dcera na\u0161eho n\u00e1roda&nbsp;<em>&#8222;sytila hladov\u00e9, o\u0161et\u0159ovala nemocn\u00e9, pe\u010dovala o p\u0159est\u00e1rl\u00e9, povzbuzovala bezradn\u00e9 a tak byla schopna \u0161\u00ed\u0159it pokoj a sm\u00ed\u0159en\u00ed, dod\u00e1vat \u00fat\u011bchu a vl\u00e9vat novou nad\u011bji.&#8220;(<\/em>&nbsp;Jan Pavel II.<em>)&nbsp;<\/em>P\u0159ed 31 lety jsme zakusili plody jej\u00ed mocn\u00e9 p\u0159\u00edmluvy. I v&nbsp;sou\u010dasn\u00e9 slo\u017eit\u00e9 situaci, kterou pro\u017e\u00edv\u00e1me, se m\u016f\u017eeme uch\u00e1zet o jej\u00ed p\u0159\u00edmluvu. Kdyby \u017eila v&nbsp;na\u0161\u00ed dob\u011b, jist\u011b by se zcela nasadila ve slu\u017eb\u011b a m\u016f\u017eeme v\u011b\u0159it, \u017ee j\u00ed na n\u00e1s z\u00e1le\u017e\u00ed vzhledem k&nbsp;epidemii, kter\u00e1 devastuje na\u0161i spole\u010dnost.<\/p>\n\n\n\n<p>Ka\u017ed\u00fd z&nbsp;n\u00e1s m\u00e1 jist\u011b sv\u016fj styl modlitby, ale v\u00edm, \u017ee mnoz\u00ed ud\u011blali vynikaj\u00edc\u00ed zku\u0161enost s&nbsp;modlitbou nov\u00e9n. Proto si dovol\u00edm nab\u00eddnout V\u00e1m a Va\u0161im farn\u00edk\u016fm Nov\u00e9mu ke sv. Ane\u017ece \u010cesk\u00e9, kterou V\u00e1m zas\u00edl\u00e1m s&nbsp;laskav\u00fdm svolen\u00edm nakladatelstv\u00ed L\u00edpa, kter\u00e9mu t\u00edmto d\u011bkuji.<\/p>\n\n\n\n<p>A\u0165 na p\u0159\u00edmluvu sv. Ane\u017eky i V\u00e1m, Va\u0161\u00ed slu\u017eb\u011b a na\u0161\u00ed zemi P\u00e1n \u017eehn\u00e1!<\/p>\n\n\n\n<p><strong><em>Mons. ThLic. Ing. Zdenek Wasserbauer, Th.D.<\/em><\/strong><\/p>\n\n\n\n<p><em>pomocn\u00fd biskup a gener\u00e1ln\u00ed vik\u00e1\u0159<\/em><\/p>\n\n\n\n<div class=\"wp-block-file\"><a href=\"http:\/\/urad.ricany.cz\/farnost.new\/wp-content\/uploads\/2020\/11\/Novena_ke_sv_Anezce_Ceske.docx\">verze Word<\/a><a href=\"http:\/\/urad.ricany.cz\/farnost.new\/wp-content\/uploads\/2020\/11\/Novena_ke_sv_Anezce_Ceske.docx\" class=\"wp-block-file__button\" download>St\u00e1hnout<\/a><\/div>\n\n\n\n<div class=\"wp-block-file\"><a href=\"http:\/\/urad.ricany.cz\/farnost.new\/wp-content\/uploads\/2020\/11\/Novena_ke_sv_Anezce_Ceske.pdf\">verze PDF<\/a><a href=\"http:\/\/urad.ricany.cz\/farnost.new\/wp-content\/uploads\/2020\/11\/Novena_ke_sv_Anezce_Ceske.pdf\" class=\"wp-block-file__button\" download>St\u00e1hnout<\/a><\/div>\n","protected":false},"excerpt":{"rendered":"<p>V\u00e1\u017een\u00ed a mil\u00ed, na p\u0159\u00ed\u0161t\u00ed p\u00e1tek 13. listopadu p\u0159ipad\u00e1&nbsp;pam\u00e1tka sv. Ane\u017eky \u010cesk\u00e9. Tato velk\u00e1 dcera na\u0161eho n\u00e1roda&nbsp;&#8222;sytila hladov\u00e9, o\u0161et\u0159ovala nemocn\u00e9, pe\u010dovala o p\u0159est\u00e1rl\u00e9, povzbuzovala bezradn\u00e9 a tak byla schopna \u0161\u00ed\u0159it pokoj a sm\u00ed\u0159en\u00ed, dod\u00e1vat \u00fat\u011bchu a vl\u00e9vat novou nad\u011bji.&#8220;(&nbsp;Jan Pavel II.)&nbsp;P\u0159ed 31 lety jsme zakusili plody jej\u00ed mocn\u00e9 p\u0159\u00edmluvy. I \u2026<\/p>\n<p class=\"continue-reading-button\"> <a class=\"continue-reading-link\" href=\"http:\/\/urad.ricany.cz\/farnost\/novena-k-svate-anezce-ceske\/\">\u010d\u00edst v\u00edce<i class=\"crycon-right-dir\"><\/i><\/a><\/p>\n","protected":false},"author":2,"featured_media":0,"comment_status":"closed","ping_status":"closed","sticky":false,"template":"","format":"standard","meta":{"footnotes":""},"categories":[42],"tags":[32],"_links":{"self":[{"href":"http:\/\/urad.ricany.cz\/farnost\/wp-json\/wp\/v2\/posts\/3113"}],"collection":[{"href":"http:\/\/urad.ricany.cz\/farnost\/wp-json\/wp\/v2\/posts"}],"about":[{"href":"http:\/\/urad.ricany.cz\/farnost\/wp-json\/wp\/v2\/types\/post"}],"author":[{"embeddable":true,"href":"http:\/\/urad.ricany.cz\/farnost\/wp-json\/wp\/v2\/users\/2"}],"replies":[{"embeddable":true,"href":"http:\/\/urad.ricany.cz\/farnost\/wp-json\/wp\/v2\/comments?post=3113"}],"version-history":[{"count":4,"href":"http:\/\/urad.ricany.cz\/farnost\/wp-json\/wp\/v2\/posts\/3113\/revisions"}],"predecessor-version":[{"id":3119,"href":"http:\/\/urad.ricany.cz\/farnost\/wp-json\/wp\/v2\/posts\/3113\/revisions\/3119"}],"wp:attachment":[{"href":"http:\/\/urad.ricany.cz\/farnost\/wp-json\/wp\/v2\/media?parent=3113"}],"wp:term":[{"taxonomy":"category","embeddable":true,"href":"http:\/\/urad.ricany.cz\/farnost\/wp-json\/wp\/v2\/categories?post=3113"},{"taxonomy":"post_tag","embeddable":true,"href":"http:\/\/urad.ricany.cz\/farnost\/wp-json\/wp\/v2\/tags?post=3113"}],"curies":[{"name":"wp","href":"https:\/\/api.w.org\/{rel}","templated":true}]}}