{"id":3063,"date":"2020-09-19T19:31:20","date_gmt":"2020-09-19T19:31:20","guid":{"rendered":"http:\/\/urad.ricany.cz\/farnost\/?p=3063"},"modified":"2020-09-19T19:31:36","modified_gmt":"2020-09-19T19:31:36","slug":"prihlaska-na-nabozenstvi-2020-21","status":"publish","type":"post","link":"http:\/\/urad.ricany.cz\/farnost\/prihlaska-na-nabozenstvi-2020-21\/","title":{"rendered":"P\u0159ihl\u00e1\u0161ka na n\u00e1bo\u017eenstv\u00ed 2020-21"},"content":{"rendered":"\n<div class=\"wp-block-file\"><a href=\"http:\/\/urad.ricany.cz\/farnost.new\/wp-content\/uploads\/2020\/09\/prihlaska_nabozenstvi_2020-2021.pdf\">prihlaska_nabozenstvi_2020-2021<\/a><a href=\"http:\/\/urad.ricany.cz\/farnost.new\/wp-content\/uploads\/2020\/09\/prihlaska_nabozenstvi_2020-2021.pdf\" class=\"wp-block-file__button\" download>St\u00e1hnout<\/a><\/div>\n\n\n\n<p>V&nbsp;p\u0159\u00edpad\u011b, &nbsp;\u017ee bude umo\u017en\u011bna v\u00fduka n\u00e1bo\u017eenstv\u00ed na far\u00e1ch- budou platit tato proti koronavirov\u00e1 opat\u0159en\u00ed:<\/p>\n\n\n\n<ul><li>V\u00fduka bude prob\u00edhat na fa\u0159e v&nbsp;mal\u00fdch skupin\u00e1ch<\/li><li>\u010casy za\u010d\u00e1tku jednotliv\u00fdch hodin budou o 15min posunut\u00e9, aby se skupiny nepotk\u00e1valy na chodb\u011b a p\u0159i p\u0159ezouv\u00e1n\u00ed<\/li><li>Po p\u0159\u00edchodu na faru si d\u011bti umyj\u00ed\/vydesinfikuj\u00ed ruce<\/li><li>V\u00fduka bude prob\u00edhat s\/bez rou\u0161ky dle aktu\u00e1ln\u011b platn\u00fdch na\u0159\u00edzen\u00ed<\/li><li>Ka\u017ed\u00e1 skupina m\u00e1 sv\u00e9ho katechetu\/katechetku<\/li><li>Ka\u017ed\u00e1 skupina bude m\u00edt hodinu v&nbsp;jin\u00e9 m\u00edstnosti na fa\u0159e (nebo venku, podle po\u010das\u00ed)<\/li><li>M\u00edstnosti pro v\u00fduku budou \u0159\u00e1dn\u011b v\u011btran\u00e9 p\u0159ed zah\u00e1jen\u00edm i po skon\u010den\u00ed v\u00fduky<\/li><li>Do budovy fary sm\u011bj\u00ed vstoupit jen d\u011bti, rodi\u010de je p\u0159ed\u00e1vaj\u00ed a p\u0159eb\u00edraj\u00ed p\u0159ed farou<\/li><li>V\u00fduky se sm\u00ed z\u00fa\u010dastnit jen d\u00edt\u011b zdrav\u00e9<\/li><\/ul>\n","protected":false},"excerpt":{"rendered":"<p>V&nbsp;p\u0159\u00edpad\u011b, &nbsp;\u017ee bude umo\u017en\u011bna v\u00fduka n\u00e1bo\u017eenstv\u00ed na far\u00e1ch- budou platit tato proti koronavirov\u00e1 opat\u0159en\u00ed: V\u00fduka bude prob\u00edhat na fa\u0159e v&nbsp;mal\u00fdch skupin\u00e1ch \u010casy za\u010d\u00e1tku jednotliv\u00fdch hodin budou o 15min posunut\u00e9, aby se skupiny nepotk\u00e1valy na chodb\u011b a p\u0159i p\u0159ezouv\u00e1n\u00ed Po p\u0159\u00edchodu na faru si d\u011bti umyj\u00ed\/vydesinfikuj\u00ed ruce V\u00fduka bude prob\u00edhat s\/bez \u2026<\/p>\n<p class=\"continue-reading-button\"> <a class=\"continue-reading-link\" href=\"http:\/\/urad.ricany.cz\/farnost\/prihlaska-na-nabozenstvi-2020-21\/\">\u010d\u00edst v\u00edce<i class=\"crycon-right-dir\"><\/i><\/a><\/p>\n","protected":false},"author":2,"featured_media":0,"comment_status":"closed","ping_status":"closed","sticky":false,"template":"","format":"standard","meta":{"footnotes":""},"categories":[44],"tags":[43],"_links":{"self":[{"href":"http:\/\/urad.ricany.cz\/farnost\/wp-json\/wp\/v2\/posts\/3063"}],"collection":[{"href":"http:\/\/urad.ricany.cz\/farnost\/wp-json\/wp\/v2\/posts"}],"about":[{"href":"http:\/\/urad.ricany.cz\/farnost\/wp-json\/wp\/v2\/types\/post"}],"author":[{"embeddable":true,"href":"http:\/\/urad.ricany.cz\/farnost\/wp-json\/wp\/v2\/users\/2"}],"replies":[{"embeddable":true,"href":"http:\/\/urad.ricany.cz\/farnost\/wp-json\/wp\/v2\/comments?post=3063"}],"version-history":[{"count":1,"href":"http:\/\/urad.ricany.cz\/farnost\/wp-json\/wp\/v2\/posts\/3063\/revisions"}],"predecessor-version":[{"id":3064,"href":"http:\/\/urad.ricany.cz\/farnost\/wp-json\/wp\/v2\/posts\/3063\/revisions\/3064"}],"wp:attachment":[{"href":"http:\/\/urad.ricany.cz\/farnost\/wp-json\/wp\/v2\/media?parent=3063"}],"wp:term":[{"taxonomy":"category","embeddable":true,"href":"http:\/\/urad.ricany.cz\/farnost\/wp-json\/wp\/v2\/categories?post=3063"},{"taxonomy":"post_tag","embeddable":true,"href":"http:\/\/urad.ricany.cz\/farnost\/wp-json\/wp\/v2\/tags?post=3063"}],"curies":[{"name":"wp","href":"https:\/\/api.w.org\/{rel}","templated":true}]}}