{"id":3055,"date":"2020-09-19T19:24:58","date_gmt":"2020-09-19T19:24:58","guid":{"rendered":"http:\/\/urad.ricany.cz\/farnost\/?p=3055"},"modified":"2020-09-19T19:25:27","modified_gmt":"2020-09-19T19:25:27","slug":"ohlasky-25-tyden-liturgickeho-mezidobi-4","status":"publish","type":"post","link":"http:\/\/urad.ricany.cz\/farnost\/ohlasky-25-tyden-liturgickeho-mezidobi-4\/","title":{"rendered":"Ohl\u00e1\u0161ky &#8211; 25. t\u00fdden liturgick\u00e9ho mezidob\u00ed"},"content":{"rendered":"\n<div class=\"wp-block-file\"><a href=\"http:\/\/urad.ricany.cz\/farnost.new\/wp-content\/uploads\/2020\/09\/2020_lm_25.pdf\">PDF tiskov\u00e1 verze<\/a><a href=\"http:\/\/urad.ricany.cz\/farnost.new\/wp-content\/uploads\/2020\/09\/2020_lm_25.pdf\" class=\"wp-block-file__button\" download>St\u00e1hnout<\/a><\/div>\n","protected":false},"excerpt":{"rendered":"<p class=\"continue-reading-button\"> <a class=\"continue-reading-link\" href=\"http:\/\/urad.ricany.cz\/farnost\/ohlasky-25-tyden-liturgickeho-mezidobi-4\/\">\u010d\u00edst v\u00edce<i class=\"crycon-right-dir\"><\/i><\/a><\/p>\n","protected":false},"author":2,"featured_media":0,"comment_status":"closed","ping_status":"closed","sticky":false,"template":"","format":"standard","meta":{"footnotes":""},"categories":[1],"tags":[35],"_links":{"self":[{"href":"http:\/\/urad.ricany.cz\/farnost\/wp-json\/wp\/v2\/posts\/3055"}],"collection":[{"href":"http:\/\/urad.ricany.cz\/farnost\/wp-json\/wp\/v2\/posts"}],"about":[{"href":"http:\/\/urad.ricany.cz\/farnost\/wp-json\/wp\/v2\/types\/post"}],"author":[{"embeddable":true,"href":"http:\/\/urad.ricany.cz\/farnost\/wp-json\/wp\/v2\/users\/2"}],"replies":[{"embeddable":true,"href":"http:\/\/urad.ricany.cz\/farnost\/wp-json\/wp\/v2\/comments?post=3055"}],"version-history":[{"count":2,"href":"http:\/\/urad.ricany.cz\/farnost\/wp-json\/wp\/v2\/posts\/3055\/revisions"}],"predecessor-version":[{"id":3058,"href":"http:\/\/urad.ricany.cz\/farnost\/wp-json\/wp\/v2\/posts\/3055\/revisions\/3058"}],"wp:attachment":[{"href":"http:\/\/urad.ricany.cz\/farnost\/wp-json\/wp\/v2\/media?parent=3055"}],"wp:term":[{"taxonomy":"category","embeddable":true,"href":"http:\/\/urad.ricany.cz\/farnost\/wp-json\/wp\/v2\/categories?post=3055"},{"taxonomy":"post_tag","embeddable":true,"href":"http:\/\/urad.ricany.cz\/farnost\/wp-json\/wp\/v2\/tags?post=3055"}],"curies":[{"name":"wp","href":"https:\/\/api.w.org\/{rel}","templated":true}]}}