{"id":2816,"date":"2020-02-23T11:30:58","date_gmt":"2020-02-23T11:30:58","guid":{"rendered":"http:\/\/urad.ricany.cz\/farnost\/?p=2816"},"modified":"2020-02-23T11:31:00","modified_gmt":"2020-02-23T11:31:00","slug":"ohlasky-7-tyden-liturgickeho-mezidobi-2","status":"publish","type":"post","link":"http:\/\/urad.ricany.cz\/farnost\/ohlasky-7-tyden-liturgickeho-mezidobi-2\/","title":{"rendered":"Ohl\u00e1\u0161ky &#8211; 7. t\u00fdden liturgick\u00e9ho mezidob\u00ed"},"content":{"rendered":"\n<div class=\"wp-block-file\"><a href=\"http:\/\/urad.ricany.cz\/farnost.new\/wp-content\/uploads\/2020\/02\/2020_lm_07.pdf\">Ohl\u00e1\u0161ky &#8211; PDF<\/a><a href=\"http:\/\/urad.ricany.cz\/farnost.new\/wp-content\/uploads\/2020\/02\/2020_lm_07.pdf\" class=\"wp-block-file__button\" download>St\u00e1hnout<\/a><\/div>\n","protected":false},"excerpt":{"rendered":"<p class=\"continue-reading-button\"> <a class=\"continue-reading-link\" href=\"http:\/\/urad.ricany.cz\/farnost\/ohlasky-7-tyden-liturgickeho-mezidobi-2\/\">\u010d\u00edst v\u00edce<i class=\"crycon-right-dir\"><\/i><\/a><\/p>\n","protected":false},"author":2,"featured_media":0,"comment_status":"closed","ping_status":"closed","sticky":false,"template":"","format":"standard","meta":{"footnotes":""},"categories":[1],"tags":[35],"_links":{"self":[{"href":"http:\/\/urad.ricany.cz\/farnost\/wp-json\/wp\/v2\/posts\/2816"}],"collection":[{"href":"http:\/\/urad.ricany.cz\/farnost\/wp-json\/wp\/v2\/posts"}],"about":[{"href":"http:\/\/urad.ricany.cz\/farnost\/wp-json\/wp\/v2\/types\/post"}],"author":[{"embeddable":true,"href":"http:\/\/urad.ricany.cz\/farnost\/wp-json\/wp\/v2\/users\/2"}],"replies":[{"embeddable":true,"href":"http:\/\/urad.ricany.cz\/farnost\/wp-json\/wp\/v2\/comments?post=2816"}],"version-history":[{"count":1,"href":"http:\/\/urad.ricany.cz\/farnost\/wp-json\/wp\/v2\/posts\/2816\/revisions"}],"predecessor-version":[{"id":2818,"href":"http:\/\/urad.ricany.cz\/farnost\/wp-json\/wp\/v2\/posts\/2816\/revisions\/2818"}],"wp:attachment":[{"href":"http:\/\/urad.ricany.cz\/farnost\/wp-json\/wp\/v2\/media?parent=2816"}],"wp:term":[{"taxonomy":"category","embeddable":true,"href":"http:\/\/urad.ricany.cz\/farnost\/wp-json\/wp\/v2\/categories?post=2816"},{"taxonomy":"post_tag","embeddable":true,"href":"http:\/\/urad.ricany.cz\/farnost\/wp-json\/wp\/v2\/tags?post=2816"}],"curies":[{"name":"wp","href":"https:\/\/api.w.org\/{rel}","templated":true}]}}