{"id":2225,"date":"2018-09-02T05:17:57","date_gmt":"2018-09-02T05:17:57","guid":{"rendered":"http:\/\/urad.ricany.cz\/farnost\/?p=2225"},"modified":"2018-09-02T05:19:12","modified_gmt":"2018-09-02T05:19:12","slug":"aktuality-pastoracniho-strediska-centra-pro-rodinu","status":"publish","type":"post","link":"http:\/\/urad.ricany.cz\/farnost\/aktuality-pastoracniho-strediska-centra-pro-rodinu\/","title":{"rendered":"Aktuality Pastora\u010dn\u00edho st\u0159ediska \u00a0Centra pro rodinu"},"content":{"rendered":"<ul>\n<li><strong>Devatero pro rodi\u010de<\/strong>\u2013<strong>\u00a0<\/strong>z\u00e1\u017eitkov\u011b vzd\u011bl\u00e1vac\u00ed kurz pro rodi\u010de a prarodi\u010de, kte\u0159\u00ed cht\u011bj\u00ed rozvinout sv\u00e9 v\u00fdchovn\u00e9 kompetence \u2013\u00a0<strong> \u0159\u00edjna\u00a0<\/strong>a\u017e<strong>\u00a0<\/strong><strong>12. prosince<\/strong>, dev\u011bt lekc\u00ed, v\u017edy ve st\u0159edu od 18.30 a\u017e 20. 30 hod (v\u00a0prostor\u00e1ch K\u0159es\u0165ansk\u00e9 poradny, Th\u00e1kurova3, Praha 6) dal\u0161\u00ed informace a p\u0159ihl\u00e1\u0161en\u00ed viz<u><a href=\"http:\/\/www.apha.cz\/cpr-devatero-pro-rodice-kurz\">http:\/\/www.apha.cz\/cpr-devatero-pro-rodice-kurz<\/a><\/u>. Kapacita kurzu je omezen\u00e1.<\/li>\n<\/ul>\n<p><!--more--><\/p>\n<p>&nbsp;<\/p>\n<ul>\n<li><strong>Spole\u010dn\u00e1 p\u0159\u00edprava na \u017eivot v man\u017eelstv\u00ed<\/strong>\u2013\u00a0<strong>9<\/strong>.<strong>\u00a0\u0159\u00edjna\u00a0<\/strong>a\u017e<strong> listopadu<\/strong>, v\u017edy v \u00fater\u00fd od 19.30 do 21.30 (Kolejn\u00ed 4, Praha 6 &#8211; Dejvice). Snoubenci se p\u0159ihla\u0161uj\u00ed na\u00a0<u><a href=\"http:\/\/www.apha.cz\/cpr-snoubenci-aktualni-nabidka\">http:\/\/www.apha.cz\/cpr-snoubenci-aktualni-nabidka<\/a><\/u>. Kapacita kurzu je omezen\u00e1.<\/li>\n<\/ul>\n<p>&nbsp;<\/p>\n<p>&nbsp;<\/p>\n<ul>\n<li><strong>Sobota pro \u017eeny<\/strong>\u2013\u00a0<strong> \u0159\u00edjna<\/strong>\u00a0tradi\u010dn\u011b od 9 do 16 hodin. T\u00e9matem Svoboda v\u00a0Kristu bude prov\u00e1zet\u00a0P. Petr Bene\u0161 CSsR<strong>,<\/strong>\u00a0v\u00edce viz\u00a0<u><a href=\"http:\/\/www.apha.cz\/cpr-soboty-aktualni-nabidka\">http:\/\/www.apha.cz\/cpr-soboty-aktualni-nabidka<\/a><\/u>.<\/li>\n<\/ul>\n<p>&nbsp;<\/p>\n<p>D\u00e1le doporu\u010dujeme<strong>\u00a0setk\u00e1n\u00ed pro bezd\u011btn\u00e9 man\u017eele 20. z\u00e1\u0159\u00ed\u00a0<\/strong>v\u00a018.30 hodin v\u00a0Salesi\u00e1nsk\u00e9m st\u0159edisku v\u00a0Kobylis\u00edch a\u00a0<strong>v\u00edkendov\u00e9 setk\u00e1n\u00ed 12.\u201314. \u0159\u00edjna<\/strong>v\u00a0poutn\u00edm dom\u011b v\u00a0Kr\u00e1l\u00edk\u00e1ch, v\u00edce viz\u00a0<u><a href=\"http:\/\/www.apha.cz\/2018\/cpr-novinky\/kdyz-dite-neprichazi\">http:\/\/www.apha.cz\/2018\/cpr-novinky\/kdyz-dite-neprichazi<\/a><\/u><\/p>\n<p>&nbsp;<\/p>\n<p>V\u00a0p\u0159\u00edloze najdete pozv\u00e1nku na konferenci k\u00a050. v\u00fdro\u010d\u00ed encykliky Humanae Vitae, kter\u00e1 prob\u011bhne\u00a0<strong>20. \u0159\u00edjna<\/strong>\u00a0v\u00a0Arcibiskupsk\u00e9m gymn\u00e1ziu v Krom\u011b\u0159\u00ed\u017ei. Podrobn\u00e9 informace a registrace na\u00a0<u><a href=\"http:\/\/www.lpp.cz\/hv\">www.lpp.cz\/hv<\/a><\/u>.<\/p>\n<p>&nbsp;<\/p>\n<p>Pro povzbuzen\u00ed a pro inspiraci zveme na\u00a0<u><a href=\"http:\/\/www.manzelstvi.cz\/\">www.manzelstvi.cz<\/a><\/u>:<\/p>\n<p>&nbsp;<\/p>\n<p>&nbsp;<\/p>\n<p>Dialog nen\u00ed recept pro ka\u017ed\u00e9 man\u017eelstv\u00ed<\/p>\n<p><u><a href=\"http:\/\/www.manzelstvi.cz\/zivot-v-manzelstvi\/krize-v-manzelstvi\/dialog-neni-recept-pro-kazde-manzelstvi.html\">http:\/\/www.manzelstvi.cz\/zivot-v-manzelstvi\/krize-v-manzelstvi\/dialog-neni-recept-pro-kazde-manzelstvi.html<\/a><\/u><\/p>\n<p>&nbsp;<\/p>\n<p>L\u00e1ska vy\u017eaduje pekelnou trp\u011blivost<\/p>\n<p><u><a href=\"http:\/\/www.manzelstvi.cz\/podstata-manzelstvi\/hodnoty\/laska\/laska-vyzaduje-pekelnou-trpelivost.html\">http:\/\/www.manzelstvi.cz\/podstata-manzelstvi\/hodnoty\/laska\/laska-vyzaduje-pekelnou-trpelivost.html<\/a><\/u><\/p>\n<p>&nbsp;<\/p>\n<p>\u0160kola u\u017e zase vol\u00e1<\/p>\n<p><u><a href=\"http:\/\/www.manzelstvi.cz\/zivot-v-manzelstvi\/rodina-s-detmi\/skola-uz-zase-vola.html\">http:\/\/www.manzelstvi.cz\/zivot-v-manzelstvi\/rodina-s-detmi\/skola-uz-zase-vola.html<\/a><\/u><\/p>\n","protected":false},"excerpt":{"rendered":"<p>Devatero pro rodi\u010de\u2013\u00a0z\u00e1\u017eitkov\u011b vzd\u011bl\u00e1vac\u00ed kurz pro rodi\u010de a prarodi\u010de, kte\u0159\u00ed cht\u011bj\u00ed rozvinout sv\u00e9 v\u00fdchovn\u00e9 kompetence \u2013\u00a0 \u0159\u00edjna\u00a0a\u017e\u00a012. prosince, dev\u011bt lekc\u00ed, v\u017edy ve st\u0159edu od 18.30 a\u017e 20. 30 hod (v\u00a0prostor\u00e1ch K\u0159es\u0165ansk\u00e9 poradny, Th\u00e1kurova3, Praha 6) dal\u0161\u00ed informace a p\u0159ihl\u00e1\u0161en\u00ed vizhttp:\/\/www.apha.cz\/cpr-devatero-pro-rodice-kurz. Kapacita kurzu je omezen\u00e1.<\/p>\n<p class=\"continue-reading-button\"> <a class=\"continue-reading-link\" href=\"http:\/\/urad.ricany.cz\/farnost\/aktuality-pastoracniho-strediska-centra-pro-rodinu\/\">\u010d\u00edst v\u00edce<i class=\"crycon-right-dir\"><\/i><\/a><\/p>\n","protected":false},"author":2,"featured_media":0,"comment_status":"closed","ping_status":"closed","sticky":false,"template":"","format":"standard","meta":{"footnotes":""},"categories":[42],"tags":[],"_links":{"self":[{"href":"http:\/\/urad.ricany.cz\/farnost\/wp-json\/wp\/v2\/posts\/2225"}],"collection":[{"href":"http:\/\/urad.ricany.cz\/farnost\/wp-json\/wp\/v2\/posts"}],"about":[{"href":"http:\/\/urad.ricany.cz\/farnost\/wp-json\/wp\/v2\/types\/post"}],"author":[{"embeddable":true,"href":"http:\/\/urad.ricany.cz\/farnost\/wp-json\/wp\/v2\/users\/2"}],"replies":[{"embeddable":true,"href":"http:\/\/urad.ricany.cz\/farnost\/wp-json\/wp\/v2\/comments?post=2225"}],"version-history":[{"count":2,"href":"http:\/\/urad.ricany.cz\/farnost\/wp-json\/wp\/v2\/posts\/2225\/revisions"}],"predecessor-version":[{"id":2227,"href":"http:\/\/urad.ricany.cz\/farnost\/wp-json\/wp\/v2\/posts\/2225\/revisions\/2227"}],"wp:attachment":[{"href":"http:\/\/urad.ricany.cz\/farnost\/wp-json\/wp\/v2\/media?parent=2225"}],"wp:term":[{"taxonomy":"category","embeddable":true,"href":"http:\/\/urad.ricany.cz\/farnost\/wp-json\/wp\/v2\/categories?post=2225"},{"taxonomy":"post_tag","embeddable":true,"href":"http:\/\/urad.ricany.cz\/farnost\/wp-json\/wp\/v2\/tags?post=2225"}],"curies":[{"name":"wp","href":"https:\/\/api.w.org\/{rel}","templated":true}]}}