{"id":1759,"date":"2017-06-25T17:01:34","date_gmt":"2017-06-25T17:01:34","guid":{"rendered":"http:\/\/urad.ricany.cz\/farnost\/?p=1759"},"modified":"2017-06-26T19:40:14","modified_gmt":"2017-06-26T19:40:14","slug":"fotogalerie-petropavlovska-pout-ricany","status":"publish","type":"post","link":"http:\/\/urad.ricany.cz\/farnost\/fotogalerie-petropavlovska-pout-ricany\/","title":{"rendered":"Fotogalerie &#8211; PetroPavlovsk\u00e1 pou\u0165 \u0158\u00ed\u010dany"},"content":{"rendered":"<p><a href=\"http:\/\/www.ricany.cz\/fotograf\/galerie\/2017_06_25_pp\/index.html\" target=\"_blank\" rel=\"noopener\">M\u0161i svatou \u00a0slou\u017eil P\u00a0<em>Stanis\u0142aw G\u00f3ra<\/em>\u00a0<\/a><\/p>\n<p><a href=\"http:\/\/www.ricany.cz\/fotograf\/galerie\/2017_06_25_pp\/index.html\" target=\"_blank\" rel=\"noopener\"><img decoding=\"async\" loading=\"lazy\" class=\"aligncenter wp-image-1760 size-full\" src=\"http:\/\/urad.ricany.cz\/farnost.new\/wp-content\/uploads\/2017\/06\/2017_06_25_5319.jpg\" alt=\"\" width=\"1000\" height=\"667\" srcset=\"http:\/\/urad.ricany.cz\/farnost\/wp-content\/uploads\/2017\/06\/2017_06_25_5319.jpg 1000w, http:\/\/urad.ricany.cz\/farnost\/wp-content\/uploads\/2017\/06\/2017_06_25_5319-300x200.jpg 300w, http:\/\/urad.ricany.cz\/farnost\/wp-content\/uploads\/2017\/06\/2017_06_25_5319-768x512.jpg 768w, http:\/\/urad.ricany.cz\/farnost\/wp-content\/uploads\/2017\/06\/2017_06_25_5319-150x100.jpg 150w\" sizes=\"(max-width: 1000px) 100vw, 1000px\" \/><\/a><\/p>\n<p><em>P. Stanislaw G\u00f3ra se narodil 4. z\u00e1\u0159\u00ed 1962 v polsk\u00e9 Jelen\u00ed Ho\u0159e. Vystudoval teologii v Katowic\u00edch a v roce 1989 byl vysv\u011bcen na kn\u011bze. Nejprve byl t\u0159i roky kaplanem v Polsku a pot\u00e9 sv\u00e9 kn\u011b\u017esk\u00e9 povol\u00e1n\u00ed vykon\u00e1val v \u010cesk\u00e9 republice. Byl \u0161est let far\u00e1\u0159em v pra\u017esk\u00e9 farnosti Stod\u016flky, pot\u00e9 deset let v Dob\u0159\u00ed\u0161i, a pr\u00e1v\u011b ukon\u010dil sv\u00e9 p\u016fsoben\u00ed v Praze 10 &#8211; Vr\u0161ovic\u00edch. Je kanovn\u00edkem karl\u0161tejnsk\u00e9 kapituly, a doposud zast\u00e1val funkci koordin\u00e1tora pro pastoraci nesly\u0161\u00edc\u00edch. V roce 2013 p\u0159evzal funkci prezidenta Arcidiec\u00e9zn\u00ed charity Praha.<\/em><\/p>\n","protected":false},"excerpt":{"rendered":"<p>M\u0161i svatou \u00a0slou\u017eil P\u00a0Stanis\u0142aw G\u00f3ra\u00a0 P. Stanislaw G\u00f3ra se narodil 4. z\u00e1\u0159\u00ed 1962 v polsk\u00e9 Jelen\u00ed Ho\u0159e. Vystudoval teologii v Katowic\u00edch a v roce 1989 byl vysv\u011bcen na kn\u011bze. Nejprve byl t\u0159i roky kaplanem v Polsku a pot\u00e9 sv\u00e9 kn\u011b\u017esk\u00e9 povol\u00e1n\u00ed vykon\u00e1val v \u010cesk\u00e9 republice. Byl \u0161est let far\u00e1\u0159em v \u2026<\/p>\n<p class=\"continue-reading-button\"> <a class=\"continue-reading-link\" href=\"http:\/\/urad.ricany.cz\/farnost\/fotogalerie-petropavlovska-pout-ricany\/\">\u010d\u00edst v\u00edce<i class=\"crycon-right-dir\"><\/i><\/a><\/p>\n","protected":false},"author":2,"featured_media":0,"comment_status":"closed","ping_status":"closed","sticky":false,"template":"","format":"standard","meta":{"footnotes":""},"categories":[40],"tags":[17],"_links":{"self":[{"href":"http:\/\/urad.ricany.cz\/farnost\/wp-json\/wp\/v2\/posts\/1759"}],"collection":[{"href":"http:\/\/urad.ricany.cz\/farnost\/wp-json\/wp\/v2\/posts"}],"about":[{"href":"http:\/\/urad.ricany.cz\/farnost\/wp-json\/wp\/v2\/types\/post"}],"author":[{"embeddable":true,"href":"http:\/\/urad.ricany.cz\/farnost\/wp-json\/wp\/v2\/users\/2"}],"replies":[{"embeddable":true,"href":"http:\/\/urad.ricany.cz\/farnost\/wp-json\/wp\/v2\/comments?post=1759"}],"version-history":[{"count":3,"href":"http:\/\/urad.ricany.cz\/farnost\/wp-json\/wp\/v2\/posts\/1759\/revisions"}],"predecessor-version":[{"id":1763,"href":"http:\/\/urad.ricany.cz\/farnost\/wp-json\/wp\/v2\/posts\/1759\/revisions\/1763"}],"wp:attachment":[{"href":"http:\/\/urad.ricany.cz\/farnost\/wp-json\/wp\/v2\/media?parent=1759"}],"wp:term":[{"taxonomy":"category","embeddable":true,"href":"http:\/\/urad.ricany.cz\/farnost\/wp-json\/wp\/v2\/categories?post=1759"},{"taxonomy":"post_tag","embeddable":true,"href":"http:\/\/urad.ricany.cz\/farnost\/wp-json\/wp\/v2\/tags?post=1759"}],"curies":[{"name":"wp","href":"https:\/\/api.w.org\/{rel}","templated":true}]}}