{"id":120,"date":"2012-10-01T19:02:11","date_gmt":"2012-10-01T19:02:11","guid":{"rendered":"http:\/\/urad.ricany.cz\/farnost.new\/?p=120"},"modified":"2014-10-22T09:28:27","modified_gmt":"2014-10-22T09:28:27","slug":"p-matej-jaroslav-baluch-o-praem","status":"publish","type":"post","link":"http:\/\/urad.ricany.cz\/farnost\/p-matej-jaroslav-baluch-o-praem\/","title":{"rendered":"P. Mat\u011bj Jaroslav Baluch, O.Praem"},"content":{"rendered":"<p>P. Mat\u011bj Jaroslav Baluch, OPraem<a href=\"http:\/\/urad.ricany.cz\/farnost.new\/wp-content\/uploads\/2014\/10\/201409132018_2014_09_13_1805.jpg\"><img decoding=\"async\" loading=\"lazy\" class=\"alignright size-medium wp-image-121\" src=\"http:\/\/urad.ricany.cz\/farnost.new\/wp-content\/uploads\/2014\/10\/201409132018_2014_09_13_1805-261x300.jpg\" alt=\"201409132018_2014_09_13_1805\" width=\"261\" height=\"300\" srcset=\"http:\/\/urad.ricany.cz\/farnost\/wp-content\/uploads\/2014\/10\/201409132018_2014_09_13_1805-261x300.jpg 261w, http:\/\/urad.ricany.cz\/farnost\/wp-content\/uploads\/2014\/10\/201409132018_2014_09_13_1805-165x190.jpg 165w, http:\/\/urad.ricany.cz\/farnost\/wp-content\/uploads\/2014\/10\/201409132018_2014_09_13_1805-60x68.jpg 60w, http:\/\/urad.ricany.cz\/farnost\/wp-content\/uploads\/2014\/10\/201409132018_2014_09_13_1805-291x335.jpg 291w, http:\/\/urad.ricany.cz\/farnost\/wp-content\/uploads\/2014\/10\/201409132018_2014_09_13_1805.jpg 457w\" sizes=\"(max-width: 261px) 100vw, 261px\" \/><\/a><\/p>\n<p>Narozen 21.3. 1976 v Levo\u010di<\/p>\n<p>1994 vstup do kl\u00e1\u0161tera &#8211; novici\u00e1t<br \/>\n1995-2000 KTF UK Praha<br \/>\n2000-2003 Kaplanem Vr\u00e1ble okres Nitra<br \/>\n2003-2011 Kaplanem v Milevsku a administr\u00e1torem v farnosti Bernartice a Vesel\u00ed\u010dko<br \/>\n2011-2014 kaplanem v Jihlav\u011b a administr\u00e1torem ve farnosti Zho\u0159 u Jihlavy<br \/>\nod 1. z\u00e1\u0159\u00ed kaplanem v \u0158\u00ed\u010danech<\/p>\n","protected":false},"excerpt":{"rendered":"<p>P. Mat\u011bj Jaroslav Baluch, OPraem Narozen 21.3. 1976 v Levo\u010di 1994 vstup do kl\u00e1\u0161tera &#8211; novici\u00e1t 1995-2000 KTF UK Praha 2000-2003 Kaplanem Vr\u00e1ble okres Nitra 2003-2011 Kaplanem v Milevsku a administr\u00e1torem v farnosti Bernartice a Vesel\u00ed\u010dko 2011-2014 kaplanem v Jihlav\u011b a administr\u00e1torem ve farnosti Zho\u0159 u Jihlavy od 1. z\u00e1\u0159\u00ed \u2026<\/p>\n<p class=\"continue-reading-button\"> <a class=\"continue-reading-link\" href=\"http:\/\/urad.ricany.cz\/farnost\/p-matej-jaroslav-baluch-o-praem\/\">\u010d\u00edst v\u00edce<i class=\"crycon-right-dir\"><\/i><\/a><\/p>\n","protected":false},"author":2,"featured_media":0,"comment_status":"closed","ping_status":"closed","sticky":false,"template":"","format":"standard","meta":{"footnotes":""},"categories":[10],"tags":[],"_links":{"self":[{"href":"http:\/\/urad.ricany.cz\/farnost\/wp-json\/wp\/v2\/posts\/120"}],"collection":[{"href":"http:\/\/urad.ricany.cz\/farnost\/wp-json\/wp\/v2\/posts"}],"about":[{"href":"http:\/\/urad.ricany.cz\/farnost\/wp-json\/wp\/v2\/types\/post"}],"author":[{"embeddable":true,"href":"http:\/\/urad.ricany.cz\/farnost\/wp-json\/wp\/v2\/users\/2"}],"replies":[{"embeddable":true,"href":"http:\/\/urad.ricany.cz\/farnost\/wp-json\/wp\/v2\/comments?post=120"}],"version-history":[{"count":5,"href":"http:\/\/urad.ricany.cz\/farnost\/wp-json\/wp\/v2\/posts\/120\/revisions"}],"predecessor-version":[{"id":542,"href":"http:\/\/urad.ricany.cz\/farnost\/wp-json\/wp\/v2\/posts\/120\/revisions\/542"}],"wp:attachment":[{"href":"http:\/\/urad.ricany.cz\/farnost\/wp-json\/wp\/v2\/media?parent=120"}],"wp:term":[{"taxonomy":"category","embeddable":true,"href":"http:\/\/urad.ricany.cz\/farnost\/wp-json\/wp\/v2\/categories?post=120"},{"taxonomy":"post_tag","embeddable":true,"href":"http:\/\/urad.ricany.cz\/farnost\/wp-json\/wp\/v2\/tags?post=120"}],"curies":[{"name":"wp","href":"https:\/\/api.w.org\/{rel}","templated":true}]}}