{"id":1085,"date":"2015-11-06T10:19:47","date_gmt":"2015-11-06T10:19:47","guid":{"rendered":"http:\/\/urad.ricany.cz\/farnost\/?p=1085"},"modified":"2015-11-06T10:20:16","modified_gmt":"2015-11-06T10:20:16","slug":"pozvanka-arcidiecezni-setkani-s-ministranty","status":"publish","type":"post","link":"http:\/\/urad.ricany.cz\/farnost\/pozvanka-arcidiecezni-setkani-s-ministranty\/","title":{"rendered":"Pozv\u00e1nka &#8211; Arcidiec\u00e9zn\u00ed setk\u00e1n\u00ed s ministranty"},"content":{"rendered":"<p><a href=\"http:\/\/urad.ricany.cz\/farnost.new\/wp-content\/uploads\/2015\/11\/Plak\u00e1t_ministranti_2015.jpg\"><img decoding=\"async\" loading=\"lazy\" class=\"aligncenter wp-image-1086 size-medium\" src=\"http:\/\/urad.ricany.cz\/farnost.new\/wp-content\/uploads\/2015\/11\/Plak\u00e1t_ministranti_2015-300x214.jpg\" alt=\"Plak\u00e1t_ministranti_2015\" width=\"300\" height=\"214\" srcset=\"http:\/\/urad.ricany.cz\/farnost\/wp-content\/uploads\/2015\/11\/Plak\u00e1t_ministranti_2015-300x214.jpg 300w, http:\/\/urad.ricany.cz\/farnost\/wp-content\/uploads\/2015\/11\/Plak\u00e1t_ministranti_2015-1024x731.jpg 1024w, http:\/\/urad.ricany.cz\/farnost\/wp-content\/uploads\/2015\/11\/Plak\u00e1t_ministranti_2015-210x150.jpg 210w, http:\/\/urad.ricany.cz\/farnost\/wp-content\/uploads\/2015\/11\/Plak\u00e1t_ministranti_2015-150x107.jpg 150w\" sizes=\"(max-width: 300px) 100vw, 300px\" \/><\/a><\/p>\n<p>Zveme na\u0161e\u00a0\u00a0ministranty na Arcidiec\u00e9zn\u00ed setk\u00e1n\u00ed, kter\u00e9 bude v sobotu 14. 11. Sraz je v 9 hodin na recepci v Arcibiskupsk\u00e9m pal\u00e1ci, v 10 hodin m\u0161e sv. s panem kardin\u00e1lem v katedr\u00e1le, obnova min. slibu v kapli sv. V\u00e1clava, ob\u011bd, odpoledn\u00ed program pro mlad\u0161\u00ed (hra) i star\u0161\u00ed (prohl\u00eddka s Premonstr\u00e1ty) bude ve Strahovsk\u00e9m kl\u00e1\u0161te\u0159e. Ukon\u010den\u00ed v 16.30. S sebou 50K\u010d, a pokud m\u00e1te, tak vlastn\u00ed ministrantsk\u00e9 oble\u010den\u00ed. Pozv\u00e1n\u00ed zaslal\u00a0. P. Benedikt Hudema<\/p>\n","protected":false},"excerpt":{"rendered":"<p>Zveme na\u0161e\u00a0\u00a0ministranty na Arcidiec\u00e9zn\u00ed setk\u00e1n\u00ed, kter\u00e9 bude v sobotu 14. 11. Sraz je v 9 hodin na recepci v Arcibiskupsk\u00e9m pal\u00e1ci, v 10 hodin m\u0161e sv. s panem kardin\u00e1lem v katedr\u00e1le, obnova min. slibu v kapli sv. V\u00e1clava, ob\u011bd, odpoledn\u00ed program pro mlad\u0161\u00ed (hra) i star\u0161\u00ed (prohl\u00eddka s Premonstr\u00e1ty) bude \u2026<\/p>\n<p class=\"continue-reading-button\"> <a class=\"continue-reading-link\" href=\"http:\/\/urad.ricany.cz\/farnost\/pozvanka-arcidiecezni-setkani-s-ministranty\/\">\u010d\u00edst v\u00edce<i class=\"crycon-right-dir\"><\/i><\/a><\/p>\n","protected":false},"author":2,"featured_media":0,"comment_status":"closed","ping_status":"closed","sticky":false,"template":"","format":"standard","meta":{"footnotes":""},"categories":[42,8],"tags":[32,36],"_links":{"self":[{"href":"http:\/\/urad.ricany.cz\/farnost\/wp-json\/wp\/v2\/posts\/1085"}],"collection":[{"href":"http:\/\/urad.ricany.cz\/farnost\/wp-json\/wp\/v2\/posts"}],"about":[{"href":"http:\/\/urad.ricany.cz\/farnost\/wp-json\/wp\/v2\/types\/post"}],"author":[{"embeddable":true,"href":"http:\/\/urad.ricany.cz\/farnost\/wp-json\/wp\/v2\/users\/2"}],"replies":[{"embeddable":true,"href":"http:\/\/urad.ricany.cz\/farnost\/wp-json\/wp\/v2\/comments?post=1085"}],"version-history":[{"count":2,"href":"http:\/\/urad.ricany.cz\/farnost\/wp-json\/wp\/v2\/posts\/1085\/revisions"}],"predecessor-version":[{"id":1088,"href":"http:\/\/urad.ricany.cz\/farnost\/wp-json\/wp\/v2\/posts\/1085\/revisions\/1088"}],"wp:attachment":[{"href":"http:\/\/urad.ricany.cz\/farnost\/wp-json\/wp\/v2\/media?parent=1085"}],"wp:term":[{"taxonomy":"category","embeddable":true,"href":"http:\/\/urad.ricany.cz\/farnost\/wp-json\/wp\/v2\/categories?post=1085"},{"taxonomy":"post_tag","embeddable":true,"href":"http:\/\/urad.ricany.cz\/farnost\/wp-json\/wp\/v2\/tags?post=1085"}],"curies":[{"name":"wp","href":"https:\/\/api.w.org\/{rel}","templated":true}]}}